{"id":2476,"date":"2025-10-05T09:56:11","date_gmt":"2025-10-05T07:56:11","guid":{"rendered":"https:\/\/studioculto.cz\/?p=2476"},"modified":"2025-10-05T10:35:05","modified_gmt":"2025-10-05T08:35:05","slug":"culto-na-designbloku-modularni-nabytek-z-betonu-ktery-se-sklada-jako-lego","status":"publish","type":"post","link":"https:\/\/studioculto.cz\/en\/culto-na-designbloku-modularni-nabytek-z-betonu-ktery-se-sklada-jako-lego\/","title":{"rendered":"CULTO at Designblok: modular concrete furniture that assembles like LEGO"},"content":{"rendered":"<div class=\"wp-block-columns alignwide is-layout-flex wp-container-core-columns-is-layout-9d6595d7 wp-block-columns-is-layout-flex\">\n<div class=\"wp-block-column is-layout-flow wp-block-column-is-layout-flow\" style=\"flex-basis:66.66%\">\n<p>The new Czech brand CULTO is presenting its world premiere at Designblok 2025 \u2013 a modular furniture kit made of lightweight concrete. The material with a high proportion of recycled content, a sophisticated connection system and playful variability move concrete from architecture directly into interiors.<\/p>\n\n\n\n<p><\/p>\n\n\n\n<p>Concrete in interiors usually plays the role of a hidden structural element. CULTO reverses this logic: it creates a modular system from a \u201cheavy\u201d material that is light, variable and aesthetically pure. Thanks to its own formula, the blocks weigh up to 60% less than classic concrete and their dry assembly requires no glue or tools. At the same time, the mixture is made up of almost 70% secondary raw materials, including recycled glass.&nbsp;&nbsp;&nbsp;<\/p>\n\n\n\n<p><\/p>\n\n\n\n<p>The premiere installation at Designblok will showcase the first edition of five basic concrete colors and the CULTO SHELF system with powder-coated shelves. The exhibition design was prepared by award-winning architect Petr H\u00e1k together with the brand's co-founder Michal Brach.<\/p>\n\n\n\n<p><\/p>\n\n\n\n<p>\"We want concrete to be treated as naturally as wood or metal - refined, with respect, but also with playfulness,\" says Michal Brach.&nbsp;<\/p>\n\n\n\n<p><\/p>\n\n\n\n<p>The brand is also launching a waiting list for the first customers. Production of the series will start in early 2026 - until then, interested parties can reserve their place without obligation and gain access to limited editions and special color variants.<\/p>\n\n\n\n<p><\/p>\n\n\n\n<p>CULTO is also launching the CULTO Studio program for architects and interior designers, including sampling and tailor-made solutions. The next step will be an online configurator allowing customers to assemble their own custom-made bookcases, chests of drawers or office installations.<\/p>\n\n\n\n<p><\/p>\n\n\n\n<p>The brand's ambition is to build a globally respected Czech modular furniture brand \"Made in Czechia\" by 2030 and gradually expand to Berlin and Copenhagen.<\/p>\n<\/div>\n\n\n\n<div class=\"wp-block-column is-layout-flow wp-block-column-is-layout-flow\" style=\"flex-basis:33.33%\">\n<p><strong>Media contacts<br><\/strong>Jana Hejnicov\u00e1 \u2014 Brand &amp; Business Development<br>\u2709\ufe0e <a href=\"mailto:jana@studioculto.cz\" title=\"\">jana@studioculto.cz<\/a> | <span class=\"wp-rich-text-font-awesome-icon wp-font-awesome-icon\"><svg aria-hidden=\"true\" focusable=\"false\" data-prefix=\"fas\" data-icon=\"globe\" class=\"svg-inline--fa fa-globe\" role=\"img\" xmlns=\"http:\/\/www.w3.org\/2000\/svg\" viewbox=\"0 0 512 512\"><path fill=\"currentColor\" d=\"M352 256c0 22.2-1.2 43.6-3.3 64H163.3c-2.2-20.4-3.3-41.8-3.3-64s1.2-43.6 3.3-64H348.7c2.2 20.4 3.3 41.8 3.3 64zm28.8-64H503.9c5.3 20.5 8.1 41.9 8.1 64s-2.8 43.5-8.1 64H380.8c2.1-20.6 3.2-42 3.2-64s-1.1-43.4-3.2-64zm112.6-32H376.7c-10-63.9-29.8-117.4-55.3-151.6c78.3 20.7 142 77.5 171.9 151.6zm-149.1 0H167.7c6.1-36.4 15.5-68.6 27-94.7c10.5-23.6 22.2-40.7 33.5-51.5C239.4 3.2 248.7 0 256 0s16.6 3.2 27.8 13.8c11.3 10.8 23 27.9 33.5 51.5c11.6 26 20.9 58.2 27 94.7zm-209 0H18.6C48.6 85.9 112.2 29.1 190.6 8.4C165.1 42.6 145.3 96.1 135.3 160zM8.1 192H131.2c-2.1 20.6-3.2 42-3.2 64s1.1 43.4 3.2 64H8.1C2.8 299.5 0 278.1 0 256s2.8-43.5 8.1-64zM194.7 446.6c-11.6-26-20.9-58.2-27-94.6H344.3c-6.1 36.4-15.5 68.6-27 94.6c-10.5 23.6-22.2 40.7-33.5 51.5C272.6 508.8 263.3 512 256 512s-16.6-3.2-27.8-13.8c-11.3-10.8-23-27.9-33.5-51.5zM135.3 352c10 63.9 29.8 117.4 55.3 151.6C112.2 482.9 48.6 426.1 18.6 352H135.3zm358.1 0c-30 74.1-93.6 130.9-171.9 151.6c25.5-34.2 45.2-87.7 55.3-151.6H493.4z\"><\/path><\/svg><\/span><a href=\"https:\/\/studioculto.cz\/en\/\" title=\"\"> studioculto.cz<\/a><\/p>\n\n\n\n<p>&nbsp;&nbsp;&nbsp;&nbsp;&nbsp;&nbsp;&nbsp;&nbsp;&nbsp;&nbsp;&nbsp;&nbsp;&nbsp;&nbsp;&nbsp;&nbsp;&nbsp;&nbsp;&nbsp;&nbsp;&nbsp;&nbsp;&nbsp;&nbsp;&nbsp;&nbsp;&nbsp;&nbsp;&nbsp;&nbsp;&nbsp;&nbsp;&nbsp;&nbsp;&nbsp;&nbsp;&nbsp;&nbsp;&nbsp;&nbsp;&nbsp;&nbsp;&nbsp;&nbsp;&nbsp;&nbsp;&nbsp;&nbsp;&nbsp;&nbsp;&nbsp;&nbsp;&nbsp;&nbsp;&nbsp;&nbsp;&nbsp;&nbsp;&nbsp;&nbsp;&nbsp;&nbsp;&nbsp;&nbsp;&nbsp;&nbsp;&nbsp;&nbsp;&nbsp;&nbsp;&nbsp;&nbsp;&nbsp;&nbsp;&nbsp;&nbsp;&nbsp;&nbsp;&nbsp;&nbsp;&nbsp;&nbsp;&nbsp;&nbsp;&nbsp;&nbsp;&nbsp;&nbsp;&nbsp;&nbsp;&nbsp;&nbsp;<\/p>\n\n\n\n<p><span class=\"wp-rich-text-font-awesome-icon wp-font-awesome-icon\"><svg aria-hidden=\"true\" focusable=\"false\" data-prefix=\"fas\" data-icon=\"right-to-bracket\" class=\"svg-inline--fa fa-right-to-bracket\" role=\"img\" xmlns=\"http:\/\/www.w3.org\/2000\/svg\" viewbox=\"0 0 512 512\"><path fill=\"currentColor\" d=\"M217.9 105.9L340.7 228.7c7.2 7.2 11.3 17.1 11.3 27.3s-4.1 20.1-11.3 27.3L217.9 406.1c-6.4 6.4-15 9.9-24 9.9c-18.7 0-33.9-15.2-33.9-33.9l0-62.1L32 320c-17.7 0-32-14.3-32-32l0-64c0-17.7 14.3-32 32-32l128 0 0-62.1c0-18.7 15.2-33.9 33.9-33.9c9 0 17.6 3.6 24 9.9zM352 416l64 0c17.7 0 32-14.3 32-32l0-256c0-17.7-14.3-32-32-32l-64 0c-17.7 0-32-14.3-32-32s14.3-32 32-32l64 0c53 0 96 43 96 96l0 256c0 53-43 96-96 96l-64 0c-17.7 0-32-14.3-32-32s14.3-32 32-32z\"><\/path><\/svg><\/span>  <a href=\"https:\/\/studioculto.cz\/en\/pro-media\/\" title=\"For media\">Back to the media section\u00a0<\/a><\/p>\n<\/div>\n<\/div>","protected":false},"excerpt":{"rendered":"<p>Nov\u00e1 \u010desk\u00e1 zna\u010dka CULTO uv\u00e1d\u00ed na Designbloku 2025 svou sv\u011btovou premi\u00e9ru \u2013 modul\u00e1rn\u00ed n\u00e1bytkovou stavebnici z odleh\u010den\u00e9ho betonu. Materi\u00e1l s vysok\u00fdm pod\u00edlem recykl\u00e1tu, sofistikovan\u00fd spojovac\u00ed syst\u00e9m a hrav\u00e1 variabilita posouvaj\u00ed beton z architektury p\u0159\u00edmo do interi\u00e9r\u016f. Beton v interi\u00e9ru obvykle pln\u00ed roli skryt\u00e9ho konstruk\u010dn\u00edho prvku. CULTO tuto logiku obrac\u00ed: z \u201et\u011b\u017ek\u00e9ho\u201c materi\u00e1lu vytv\u00e1\u0159\u00ed modul\u00e1rn\u00ed syst\u00e9m, [&hellip;]<\/p>\n","protected":false},"author":1,"featured_media":2436,"comment_status":"closed","ping_status":"open","sticky":false,"template":"","format":"standard","meta":{"_eb_attr":"","_coblocks_attr":"","_coblocks_dimensions":"","_coblocks_responsive_height":"","_coblocks_accordion_ie_support":"","hide_page_title":"","footnotes":""},"categories":[24],"tags":[],"class_list":["post-2476","post","type-post","status-publish","format-standard","has-post-thumbnail","hentry","category-culto-v-mediich"],"aioseo_notices":[],"_links":{"self":[{"href":"https:\/\/studioculto.cz\/en\/wp-json\/wp\/v2\/posts\/2476","targetHints":{"allow":["GET"]}}],"collection":[{"href":"https:\/\/studioculto.cz\/en\/wp-json\/wp\/v2\/posts"}],"about":[{"href":"https:\/\/studioculto.cz\/en\/wp-json\/wp\/v2\/types\/post"}],"author":[{"embeddable":true,"href":"https:\/\/studioculto.cz\/en\/wp-json\/wp\/v2\/users\/1"}],"replies":[{"embeddable":true,"href":"https:\/\/studioculto.cz\/en\/wp-json\/wp\/v2\/comments?post=2476"}],"version-history":[{"count":4,"href":"https:\/\/studioculto.cz\/en\/wp-json\/wp\/v2\/posts\/2476\/revisions"}],"predecessor-version":[{"id":2501,"href":"https:\/\/studioculto.cz\/en\/wp-json\/wp\/v2\/posts\/2476\/revisions\/2501"}],"wp:featuredmedia":[{"embeddable":true,"href":"https:\/\/studioculto.cz\/en\/wp-json\/wp\/v2\/media\/2436"}],"wp:attachment":[{"href":"https:\/\/studioculto.cz\/en\/wp-json\/wp\/v2\/media?parent=2476"}],"wp:term":[{"taxonomy":"category","embeddable":true,"href":"https:\/\/studioculto.cz\/en\/wp-json\/wp\/v2\/categories?post=2476"},{"taxonomy":"post_tag","embeddable":true,"href":"https:\/\/studioculto.cz\/en\/wp-json\/wp\/v2\/tags?post=2476"}],"curies":[{"name":"wp","href":"https:\/\/api.w.org\/{rel}","templated":true}]}}